{"id":14359,"date":"2023-06-01T14:58:35","date_gmt":"2023-06-01T13:58:35","guid":{"rendered":"https:\/\/www.promotourist.com\/?p=14359"},"modified":"2023-06-01T15:01:38","modified_gmt":"2023-06-01T14:01:38","slug":"level-presenta-el-avion-que-llevara-desde-hoy-la-imagen-de-el-mago-pop-a-estados-unidos","status":"publish","type":"post","link":"https:\/\/www.promotourist.com\/en\/level-presenta-el-avion-que-llevara-desde-hoy-la-imagen-de-el-mago-pop-a-estados-unidos\/","title":{"rendered":"LEVEL presenta el avi\u00f3n que llevar\u00e1 desde hoy la imagen de El Mago Pop a Estados Unidos"},"content":{"rendered":"\n<p>La imagen de El Mago Pop vuela desde hoy con LEVEL. La compa\u00f1\u00eda a\u00e9rea\u00a0<strong>ha presentado esta ma\u00f1ana en el Aeropuerto Josep Tarradellas Barcelona-El Prat un avi\u00f3n vinilado en su exterior con la imagen de El Mago Pop<\/strong>, quien emprende hoy el vuelo hacia Broadway de la mano de LEVEL, su aerol\u00ednea oficial, tal y como anunciaron ambas marcas el pasado\u00a0mes\u00a0de\u00a0marzo.\u00a0<\/p>\n\n\n\n<p>El evento de presentaci\u00f3n de este avi\u00f3n vinilado\u00a0<strong>se ha llevado a cabo en el Aeropuerto de Barcelona, en la misma puerta de embarque desde donde saldr\u00e1 hoy hacia Nueva York<\/strong>\u00a0el mago y su equipo en un vuelo que estar\u00e1 lleno de sorpresas. Este evento ha sido liderado por Luc\u00eda Adrover, directora comercial del LEVEL y Antonio D\u00edaz, el mago europeo m\u00e1s taquillero del mundo.\u00a0<\/p>\n\n\n\n<p>Desde hoy y hasta el pr\u00f3ximo mes de septiembre,&nbsp;<strong>la clientela de LEVEL que viaje en el vuelo diario que la compa\u00f1\u00eda ofrece entre Barcelona y Nueva York, lo har\u00e1 en este avi\u00f3n<\/strong>, un Airbus A330-300, customizado de El Mago Pop en el exterior, con una gran imagen vinilada y con detalles en el interior, como algunos cabezales exclusivos con la marca del ilusionista catal\u00e1n.&nbsp;<\/p>\n\n\n\n<p>Antonio D\u00edaz actuar\u00e1 en Broadway del 17 al 27 de agosto, con un total de 18 funciones. \u00c9l y todo su equipo viaja hoy mismo, 1 de junio, en este avi\u00f3n personalizado de la aerol\u00ednea de largo radio de Barcelona, siendo esta&nbsp;<strong>una muestra de gran fuerza del apoyo que brinda LEVEL al joven talento barcelon\u00e9s, como es el caso de El Mago Pop.<\/strong><\/p>\n\n\n\n<p>La presentaci\u00f3n de este quinto avi\u00f3n se ha realizado el mismo d\u00eda en el que LEVEL cumple seis a\u00f1os de operaciones. En este tiempo, la aerol\u00ednea, que naci\u00f3 para conectar Barcelona con destinos lejanos y contribuir al desarrollo de su hub intercontinental, no solo ha conseguido triplicar su flota desde entonces, sino que se ha convertido en el&nbsp;<strong>primer operador de transporte de personas en el largo radio de El Prat<\/strong>, como as\u00ed demuestran los datos del pasado mes de abril, emitidos por el Comit\u00e9 de Desarrollo de Rutas A\u00e9reas de Barcelona (CDRA). Actualmente,&nbsp;<strong>uno de cada cinco despegues de largo radio de ese aeropuerto es de LEVEL<\/strong>, quien ha consolidado una red de seis destinos que conectan de forma directa, sin escalas, la ciudad de Barcelona con&nbsp;<strong>Los \u00c1ngeles, San Francisco, Boston, Nueva York, Santiago de Chile y Buenos Aires.<\/strong><\/p>\n\n\n\n<p>En concreto, Estados Unidos es uno de los mercados estrat\u00e9gicos donde LEVEL ha ido creciendo de forma sostenida y continuada en el tiempo, siendo adem\u00e1s el \u00fanico operador en tres de las cuatro rutas que ofrece en ese pa\u00eds. As\u00ed, en 2023,&nbsp;<strong>la aerol\u00ednea ofrecer\u00e1 un incremento de un 27% de capacidad respecto al a\u00f1o anterior.<\/strong>&nbsp;<\/p>\n\n\n\n<p>De hecho, durante esta temporada de verano, la aerol\u00ednea ofrece una frecuencia diaria a Nueva York, gracias a la incorporaci\u00f3n de este avi\u00f3n adicional que, desde hoy, operar\u00e1 la ruta a la Gran Manzana. Asimismo,&nbsp;<strong>esta nueva incorporaci\u00f3n permite a la aerol\u00ednea, con el resto de su flota, mantener la ruta hacia Santiago de Chile de forma anual<\/strong>, aumentar la ruta de Boston a cuatro frecuencias semanales, ofrecer hasta seis frecuencias semanales en Buenos Aires y mantener los cuatro vuelos semanales hacia Los \u00c1ngeles y San Francisco, durante este periodo estival.&nbsp;<\/p>\n\n\n\n<p>Luc\u00eda Adrover, directora comercial de LEVEL:&nbsp;<em>\u201cPara LEVEL es sumamente importante, no solo fomentar el desarrollo de una red de rutas que conecten de forma directa Barcelona y Am\u00e9rica, si no tambi\u00e9n apoyar el tejido empresarial, la innovaci\u00f3n y el talento de aqu\u00ed y contribuir a su internacionalizaci\u00f3n. La alianza con El Mago Pop, con quien compartimos muchos valores, es el mejor ejemplo de c\u00f3mo LEVEL materializa esta voluntad. Con esta alianza tejemos un hilo conductor cultural entre Barcelona y Nueva York que representa a la perfecci\u00f3n los valores a\u00f1adidos que queremos aportar a la ciudad que nos acoge\u201d.<\/em><\/p>\n\n\n\n<p>Antonio D\u00edaz, El Mago Pop:&nbsp;<em>\u201cCon LEVEL hemos llegado a un acuerdo de partnership que nos permite volar m\u00e1s lejos de lo que ha hecho ning\u00fan espect\u00e1culo del mundo hasta la fecha.&nbsp; La alianza entre LEVEL y EL MAGO POP cobra sentido en el af\u00e1n de ambas marcas por conquistar el mercado americano, conectando Barcelona con EEUU.&nbsp; Fruto de este aterrizaje americano, el espect\u00e1culo de EL MAGO POP podr\u00e1 verse este mismo a\u00f1o en Barcelona, Branson y Broadway.&nbsp; Esta alianza nos permite llegar a nuevo p\u00fablico de una manera desenfadada y directa, con la intenci\u00f3n de que cada vez m\u00e1s personas puedan disfrutar de la experiencia de NADA ES IMPOSIBLE.\u201d<\/em><br>&nbsp;<\/p>\n\n\n\n<p><strong>Sobre LEVEL<\/strong><br>LEVEL es la aerol\u00ednea de bajo coste y largo radio de IAG que comenz\u00f3 sus vuelos en junio de 2017. LEVEL ofrece una experiencia a bordo personalizada y diferencial a precios muy atractivos. LEVEL es la sexta marca de aerol\u00edneas de IAG, junto a Aer Lingus, British Airways, Iberia, Iberia Express y Vueling.<br>&nbsp;<br><strong>M\u00e1s informaci\u00f3n:<\/strong><br><a href=\"https:\/\/9kc9g.r.a.d.sendibm1.com\/mk\/cl\/f\/bV9pU1B3qtkCoSSirPu4dAa3tnmzKsW_KNoctdLs1tPaU6hlZfLVjRPAgoGyR74_xBriiR2V4knUmbiU1TR7gKzULm9T5PfVhHkhuWl4AJeB6JbEDCa6GTC9H3grKoaOiOgoe2QeTzH74L537C5TKo8_lrT-0JztdsuEV0TfVA60FsDo86SaV2uFVHePWtU1GMljqN07mGYGQ6cNBA\">https:\/\/www.flylevel.com\/<\/a>&nbsp;&nbsp;<\/p>\n","protected":false},"excerpt":{"rendered":"<p>La aerol\u00ednea ha presentado hoy una aeronave vinilada con la marca El Mago Pop para promocionar el desembarco de Antonio Diaz en Broadway.<\/p>\n<p>Con este avi\u00f3n, que conectar\u00e1 diariamente Barcelona y Nueva York, LEVEL incrementa en un 27% la capacidad en Estados Unidos respecto al a\u00f1o anterior.<\/p>\n<p>La alianza pone de manifiesto el apoyo de LEVEL a la cultura catalana de la mano de uno de sus grandes exponentes: El Mago Pop. <\/p>\n","protected":false},"author":2,"featured_media":14362,"comment_status":"open","ping_status":"closed","sticky":false,"template":"","format":"standard","meta":{"footnotes":""},"categories":[1],"tags":[765,763,758,761,764,756,762,766],"class_list":["post-14359","post","type-post","status-publish","format-standard","has-post-thumbnail","hentry","category-sin-categoria","tag-acuerdo","tag-aeropuerto","tag-el-prat","tag-flywithlevel","tag-josep-tarradellas","tag-level","tag-mago-pop","tag-rueda-de-prensa"],"yoast_head":"<!-- This site is optimized with the Yoast SEO plugin v27.5 - https:\/\/yoast.com\/product\/yoast-seo-wordpress\/ -->\n<title>LEVEL presenta el avi\u00f3n que llevar\u00e1 desde hoy la imagen de El Mago Pop a Estados Unidos - Promotourist<\/title>\n<meta name=\"robots\" content=\"index, follow, max-snippet:-1, max-image-preview:large, max-video-preview:-1\" \/>\n<link rel=\"canonical\" href=\"https:\/\/www.promotourist.com\/level-presenta-el-avion-que-llevara-desde-hoy-la-imagen-de-el-mago-pop-a-estados-unidos\/\" \/>\n<meta property=\"og:locale\" content=\"en_US\" \/>\n<meta property=\"og:type\" content=\"article\" \/>\n<meta property=\"og:title\" content=\"LEVEL presenta el avi\u00f3n que llevar\u00e1 desde hoy la imagen de El Mago Pop a Estados Unidos - Promotourist\" \/>\n<meta property=\"og:description\" content=\"La aerol\u00ednea ha presentado hoy una aeronave vinilada con la marca El Mago Pop para promocionar el desembarco de Antonio Diaz en Broadway.  Con este avi\u00f3n, que conectar\u00e1 diariamente Barcelona y Nueva York, LEVEL incrementa en un 27% la capacidad en Estados Unidos respecto al a\u00f1o anterior.  La alianza pone de manifiesto el apoyo de LEVEL a la cultura catalana de la mano de uno de sus grandes exponentes: El Mago Pop.\" \/>\n<meta property=\"og:url\" content=\"https:\/\/www.promotourist.com\/level-presenta-el-avion-que-llevara-desde-hoy-la-imagen-de-el-mago-pop-a-estados-unidos\/\" \/>\n<meta property=\"og:site_name\" content=\"Promotourist\" \/>\n<meta property=\"article:publisher\" content=\"https:\/\/www.facebook.com\/promotourist\" \/>\n<meta property=\"article:published_time\" content=\"2023-06-01T13:58:35+00:00\" \/>\n<meta property=\"article:modified_time\" content=\"2023-06-01T14:01:38+00:00\" \/>\n<meta property=\"og:image\" content=\"https:\/\/www.promotourist.com\/wp-content\/uploads\/2023\/06\/999530CB-EEDA-4F40-9EEE-FE6303ED3026-1.jpg\" \/>\n\t<meta property=\"og:image:width\" content=\"1280\" \/>\n\t<meta property=\"og:image:height\" content=\"720\" \/>\n\t<meta property=\"og:image:type\" content=\"image\/jpeg\" \/>\n<meta name=\"author\" content=\"Victor Saumell\" \/>\n<meta name=\"twitter:card\" content=\"summary_large_image\" \/>\n<meta name=\"twitter:creator\" content=\"@promotourist\" \/>\n<meta name=\"twitter:site\" content=\"@promotourist\" \/>\n<meta name=\"twitter:label1\" content=\"Written by\" \/>\n\t<meta name=\"twitter:data1\" content=\"Victor Saumell\" \/>\n\t<meta name=\"twitter:label2\" content=\"Est. reading time\" \/>\n\t<meta name=\"twitter:data2\" content=\"4 minutes\" \/>\n<script type=\"application\/ld+json\" class=\"yoast-schema-graph\">{\"@context\":\"https:\\\/\\\/schema.org\",\"@graph\":[{\"@type\":\"Article\",\"@id\":\"https:\\\/\\\/www.promotourist.com\\\/level-presenta-el-avion-que-llevara-desde-hoy-la-imagen-de-el-mago-pop-a-estados-unidos\\\/#article\",\"isPartOf\":{\"@id\":\"https:\\\/\\\/www.promotourist.com\\\/level-presenta-el-avion-que-llevara-desde-hoy-la-imagen-de-el-mago-pop-a-estados-unidos\\\/\"},\"author\":{\"name\":\"Victor Saumell\",\"@id\":\"https:\\\/\\\/www.promotourist.com\\\/#\\\/schema\\\/person\\\/9676fbbf716bb1964cc3866694867034\"},\"headline\":\"LEVEL presenta el avi\u00f3n que llevar\u00e1 desde hoy la imagen de El Mago Pop a Estados Unidos\",\"datePublished\":\"2023-06-01T13:58:35+00:00\",\"dateModified\":\"2023-06-01T14:01:38+00:00\",\"mainEntityOfPage\":{\"@id\":\"https:\\\/\\\/www.promotourist.com\\\/level-presenta-el-avion-que-llevara-desde-hoy-la-imagen-de-el-mago-pop-a-estados-unidos\\\/\"},\"wordCount\":904,\"commentCount\":0,\"publisher\":{\"@id\":\"https:\\\/\\\/www.promotourist.com\\\/#organization\"},\"image\":{\"@id\":\"https:\\\/\\\/www.promotourist.com\\\/level-presenta-el-avion-que-llevara-desde-hoy-la-imagen-de-el-mago-pop-a-estados-unidos\\\/#primaryimage\"},\"thumbnailUrl\":\"https:\\\/\\\/www.promotourist.com\\\/wp-content\\\/uploads\\\/2023\\\/06\\\/999530CB-EEDA-4F40-9EEE-FE6303ED3026-1.jpg\",\"keywords\":[\"ACUERDO\",\"AEROPUERTO\",\"El Prat\",\"FLYWITHLEVEL\",\"JOSEP TARRADELLAS\",\"LEVEL\",\"MAGO POP\",\"RUEDA DE PRENSA\"],\"articleSection\":[\"Sin categor\u00eda\"],\"inLanguage\":\"en-US\",\"potentialAction\":[{\"@type\":\"CommentAction\",\"name\":\"Comment\",\"target\":[\"https:\\\/\\\/www.promotourist.com\\\/level-presenta-el-avion-que-llevara-desde-hoy-la-imagen-de-el-mago-pop-a-estados-unidos\\\/#respond\"]}]},{\"@type\":\"WebPage\",\"@id\":\"https:\\\/\\\/www.promotourist.com\\\/level-presenta-el-avion-que-llevara-desde-hoy-la-imagen-de-el-mago-pop-a-estados-unidos\\\/\",\"url\":\"https:\\\/\\\/www.promotourist.com\\\/level-presenta-el-avion-que-llevara-desde-hoy-la-imagen-de-el-mago-pop-a-estados-unidos\\\/\",\"name\":\"LEVEL presenta el avi\u00f3n que llevar\u00e1 desde hoy la imagen de El Mago Pop a Estados Unidos - Promotourist\",\"isPartOf\":{\"@id\":\"https:\\\/\\\/www.promotourist.com\\\/#website\"},\"primaryImageOfPage\":{\"@id\":\"https:\\\/\\\/www.promotourist.com\\\/level-presenta-el-avion-que-llevara-desde-hoy-la-imagen-de-el-mago-pop-a-estados-unidos\\\/#primaryimage\"},\"image\":{\"@id\":\"https:\\\/\\\/www.promotourist.com\\\/level-presenta-el-avion-que-llevara-desde-hoy-la-imagen-de-el-mago-pop-a-estados-unidos\\\/#primaryimage\"},\"thumbnailUrl\":\"https:\\\/\\\/www.promotourist.com\\\/wp-content\\\/uploads\\\/2023\\\/06\\\/999530CB-EEDA-4F40-9EEE-FE6303ED3026-1.jpg\",\"datePublished\":\"2023-06-01T13:58:35+00:00\",\"dateModified\":\"2023-06-01T14:01:38+00:00\",\"breadcrumb\":{\"@id\":\"https:\\\/\\\/www.promotourist.com\\\/level-presenta-el-avion-que-llevara-desde-hoy-la-imagen-de-el-mago-pop-a-estados-unidos\\\/#breadcrumb\"},\"inLanguage\":\"en-US\",\"potentialAction\":[{\"@type\":\"ReadAction\",\"target\":[\"https:\\\/\\\/www.promotourist.com\\\/level-presenta-el-avion-que-llevara-desde-hoy-la-imagen-de-el-mago-pop-a-estados-unidos\\\/\"]}]},{\"@type\":\"ImageObject\",\"inLanguage\":\"en-US\",\"@id\":\"https:\\\/\\\/www.promotourist.com\\\/level-presenta-el-avion-que-llevara-desde-hoy-la-imagen-de-el-mago-pop-a-estados-unidos\\\/#primaryimage\",\"url\":\"https:\\\/\\\/www.promotourist.com\\\/wp-content\\\/uploads\\\/2023\\\/06\\\/999530CB-EEDA-4F40-9EEE-FE6303ED3026-1.jpg\",\"contentUrl\":\"https:\\\/\\\/www.promotourist.com\\\/wp-content\\\/uploads\\\/2023\\\/06\\\/999530CB-EEDA-4F40-9EEE-FE6303ED3026-1.jpg\",\"width\":1280,\"height\":720},{\"@type\":\"BreadcrumbList\",\"@id\":\"https:\\\/\\\/www.promotourist.com\\\/level-presenta-el-avion-que-llevara-desde-hoy-la-imagen-de-el-mago-pop-a-estados-unidos\\\/#breadcrumb\",\"itemListElement\":[{\"@type\":\"ListItem\",\"position\":1,\"name\":\"Portada\",\"item\":\"https:\\\/\\\/www.promotourist.com\\\/\"},{\"@type\":\"ListItem\",\"position\":2,\"name\":\"LEVEL presenta el avi\u00f3n que llevar\u00e1 desde hoy la imagen de El Mago Pop a Estados Unidos\"}]},{\"@type\":\"WebSite\",\"@id\":\"https:\\\/\\\/www.promotourist.com\\\/#website\",\"url\":\"https:\\\/\\\/www.promotourist.com\\\/\",\"name\":\"Alfab\u00e9tiko Promotourist\",\"description\":\"Agencia de comunicaci\u00f3n y RRPP especializada en turismo\",\"publisher\":{\"@id\":\"https:\\\/\\\/www.promotourist.com\\\/#organization\"},\"alternateName\":\"Promotourist\",\"potentialAction\":[{\"@type\":\"SearchAction\",\"target\":{\"@type\":\"EntryPoint\",\"urlTemplate\":\"https:\\\/\\\/www.promotourist.com\\\/?s={search_term_string}\"},\"query-input\":{\"@type\":\"PropertyValueSpecification\",\"valueRequired\":true,\"valueName\":\"search_term_string\"}}],\"inLanguage\":\"en-US\"},{\"@type\":\"Organization\",\"@id\":\"https:\\\/\\\/www.promotourist.com\\\/#organization\",\"name\":\"Promotourist\",\"url\":\"https:\\\/\\\/www.promotourist.com\\\/\",\"logo\":{\"@type\":\"ImageObject\",\"inLanguage\":\"en-US\",\"@id\":\"https:\\\/\\\/www.promotourist.com\\\/#\\\/schema\\\/logo\\\/image\\\/\",\"url\":\"https:\\\/\\\/www.promotourist.com\\\/wp-content\\\/uploads\\\/2022\\\/03\\\/logo-color.png\",\"contentUrl\":\"https:\\\/\\\/www.promotourist.com\\\/wp-content\\\/uploads\\\/2022\\\/03\\\/logo-color.png\",\"width\":1198,\"height\":319,\"caption\":\"Promotourist\"},\"image\":{\"@id\":\"https:\\\/\\\/www.promotourist.com\\\/#\\\/schema\\\/logo\\\/image\\\/\"},\"sameAs\":[\"https:\\\/\\\/www.facebook.com\\\/promotourist\",\"https:\\\/\\\/x.com\\\/promotourist\",\"https:\\\/\\\/instagram.com\\\/alfabetikopromotourist\",\"https:\\\/\\\/www.linkedin.com\\\/company\\\/promotourist\"]},{\"@type\":\"Person\",\"@id\":\"https:\\\/\\\/www.promotourist.com\\\/#\\\/schema\\\/person\\\/9676fbbf716bb1964cc3866694867034\",\"name\":\"Victor Saumell\",\"image\":{\"@type\":\"ImageObject\",\"inLanguage\":\"en-US\",\"@id\":\"https:\\\/\\\/secure.gravatar.com\\\/avatar\\\/2a3548494541f772fb79cd47b4024c0117fdabb8c4e9cb211713083d18f71749?s=96&d=mm&r=g\",\"url\":\"https:\\\/\\\/secure.gravatar.com\\\/avatar\\\/2a3548494541f772fb79cd47b4024c0117fdabb8c4e9cb211713083d18f71749?s=96&d=mm&r=g\",\"contentUrl\":\"https:\\\/\\\/secure.gravatar.com\\\/avatar\\\/2a3548494541f772fb79cd47b4024c0117fdabb8c4e9cb211713083d18f71749?s=96&d=mm&r=g\",\"caption\":\"Victor Saumell\"},\"url\":\"https:\\\/\\\/www.promotourist.com\\\/en\\\/author\\\/victor-saumell\\\/\"}]}<\/script>\n<!-- \/ Yoast SEO plugin. -->","yoast_head_json":{"title":"LEVEL presenta el avi\u00f3n que llevar\u00e1 desde hoy la imagen de El Mago Pop a Estados Unidos - Promotourist","robots":{"index":"index","follow":"follow","max-snippet":"max-snippet:-1","max-image-preview":"max-image-preview:large","max-video-preview":"max-video-preview:-1"},"canonical":"https:\/\/www.promotourist.com\/level-presenta-el-avion-que-llevara-desde-hoy-la-imagen-de-el-mago-pop-a-estados-unidos\/","og_locale":"en_US","og_type":"article","og_title":"LEVEL presenta el avi\u00f3n que llevar\u00e1 desde hoy la imagen de El Mago Pop a Estados Unidos - Promotourist","og_description":"La aerol\u00ednea ha presentado hoy una aeronave vinilada con la marca El Mago Pop para promocionar el desembarco de Antonio Diaz en Broadway.  Con este avi\u00f3n, que conectar\u00e1 diariamente Barcelona y Nueva York, LEVEL incrementa en un 27% la capacidad en Estados Unidos respecto al a\u00f1o anterior.  La alianza pone de manifiesto el apoyo de LEVEL a la cultura catalana de la mano de uno de sus grandes exponentes: El Mago Pop.","og_url":"https:\/\/www.promotourist.com\/level-presenta-el-avion-que-llevara-desde-hoy-la-imagen-de-el-mago-pop-a-estados-unidos\/","og_site_name":"Promotourist","article_publisher":"https:\/\/www.facebook.com\/promotourist","article_published_time":"2023-06-01T13:58:35+00:00","article_modified_time":"2023-06-01T14:01:38+00:00","og_image":[{"width":1280,"height":720,"url":"https:\/\/www.promotourist.com\/wp-content\/uploads\/2023\/06\/999530CB-EEDA-4F40-9EEE-FE6303ED3026-1.jpg","type":"image\/jpeg"}],"author":"Victor Saumell","twitter_card":"summary_large_image","twitter_creator":"@promotourist","twitter_site":"@promotourist","twitter_misc":{"Written by":"Victor Saumell","Est. reading time":"4 minutes"},"schema":{"@context":"https:\/\/schema.org","@graph":[{"@type":"Article","@id":"https:\/\/www.promotourist.com\/level-presenta-el-avion-que-llevara-desde-hoy-la-imagen-de-el-mago-pop-a-estados-unidos\/#article","isPartOf":{"@id":"https:\/\/www.promotourist.com\/level-presenta-el-avion-que-llevara-desde-hoy-la-imagen-de-el-mago-pop-a-estados-unidos\/"},"author":{"name":"Victor Saumell","@id":"https:\/\/www.promotourist.com\/#\/schema\/person\/9676fbbf716bb1964cc3866694867034"},"headline":"LEVEL presenta el avi\u00f3n que llevar\u00e1 desde hoy la imagen de El Mago Pop a Estados Unidos","datePublished":"2023-06-01T13:58:35+00:00","dateModified":"2023-06-01T14:01:38+00:00","mainEntityOfPage":{"@id":"https:\/\/www.promotourist.com\/level-presenta-el-avion-que-llevara-desde-hoy-la-imagen-de-el-mago-pop-a-estados-unidos\/"},"wordCount":904,"commentCount":0,"publisher":{"@id":"https:\/\/www.promotourist.com\/#organization"},"image":{"@id":"https:\/\/www.promotourist.com\/level-presenta-el-avion-que-llevara-desde-hoy-la-imagen-de-el-mago-pop-a-estados-unidos\/#primaryimage"},"thumbnailUrl":"https:\/\/www.promotourist.com\/wp-content\/uploads\/2023\/06\/999530CB-EEDA-4F40-9EEE-FE6303ED3026-1.jpg","keywords":["ACUERDO","AEROPUERTO","El Prat","FLYWITHLEVEL","JOSEP TARRADELLAS","LEVEL","MAGO POP","RUEDA DE PRENSA"],"articleSection":["Sin categor\u00eda"],"inLanguage":"en-US","potentialAction":[{"@type":"CommentAction","name":"Comment","target":["https:\/\/www.promotourist.com\/level-presenta-el-avion-que-llevara-desde-hoy-la-imagen-de-el-mago-pop-a-estados-unidos\/#respond"]}]},{"@type":"WebPage","@id":"https:\/\/www.promotourist.com\/level-presenta-el-avion-que-llevara-desde-hoy-la-imagen-de-el-mago-pop-a-estados-unidos\/","url":"https:\/\/www.promotourist.com\/level-presenta-el-avion-que-llevara-desde-hoy-la-imagen-de-el-mago-pop-a-estados-unidos\/","name":"LEVEL presenta el avi\u00f3n que llevar\u00e1 desde hoy la imagen de El Mago Pop a Estados Unidos - Promotourist","isPartOf":{"@id":"https:\/\/www.promotourist.com\/#website"},"primaryImageOfPage":{"@id":"https:\/\/www.promotourist.com\/level-presenta-el-avion-que-llevara-desde-hoy-la-imagen-de-el-mago-pop-a-estados-unidos\/#primaryimage"},"image":{"@id":"https:\/\/www.promotourist.com\/level-presenta-el-avion-que-llevara-desde-hoy-la-imagen-de-el-mago-pop-a-estados-unidos\/#primaryimage"},"thumbnailUrl":"https:\/\/www.promotourist.com\/wp-content\/uploads\/2023\/06\/999530CB-EEDA-4F40-9EEE-FE6303ED3026-1.jpg","datePublished":"2023-06-01T13:58:35+00:00","dateModified":"2023-06-01T14:01:38+00:00","breadcrumb":{"@id":"https:\/\/www.promotourist.com\/level-presenta-el-avion-que-llevara-desde-hoy-la-imagen-de-el-mago-pop-a-estados-unidos\/#breadcrumb"},"inLanguage":"en-US","potentialAction":[{"@type":"ReadAction","target":["https:\/\/www.promotourist.com\/level-presenta-el-avion-que-llevara-desde-hoy-la-imagen-de-el-mago-pop-a-estados-unidos\/"]}]},{"@type":"ImageObject","inLanguage":"en-US","@id":"https:\/\/www.promotourist.com\/level-presenta-el-avion-que-llevara-desde-hoy-la-imagen-de-el-mago-pop-a-estados-unidos\/#primaryimage","url":"https:\/\/www.promotourist.com\/wp-content\/uploads\/2023\/06\/999530CB-EEDA-4F40-9EEE-FE6303ED3026-1.jpg","contentUrl":"https:\/\/www.promotourist.com\/wp-content\/uploads\/2023\/06\/999530CB-EEDA-4F40-9EEE-FE6303ED3026-1.jpg","width":1280,"height":720},{"@type":"BreadcrumbList","@id":"https:\/\/www.promotourist.com\/level-presenta-el-avion-que-llevara-desde-hoy-la-imagen-de-el-mago-pop-a-estados-unidos\/#breadcrumb","itemListElement":[{"@type":"ListItem","position":1,"name":"Portada","item":"https:\/\/www.promotourist.com\/"},{"@type":"ListItem","position":2,"name":"LEVEL presenta el avi\u00f3n que llevar\u00e1 desde hoy la imagen de El Mago Pop a Estados Unidos"}]},{"@type":"WebSite","@id":"https:\/\/www.promotourist.com\/#website","url":"https:\/\/www.promotourist.com\/","name":"Alfab\u00e9tiko Promotourist","description":"Agencia de comunicaci\u00f3n y RRPP especializada en turismo","publisher":{"@id":"https:\/\/www.promotourist.com\/#organization"},"alternateName":"Promotourist","potentialAction":[{"@type":"SearchAction","target":{"@type":"EntryPoint","urlTemplate":"https:\/\/www.promotourist.com\/?s={search_term_string}"},"query-input":{"@type":"PropertyValueSpecification","valueRequired":true,"valueName":"search_term_string"}}],"inLanguage":"en-US"},{"@type":"Organization","@id":"https:\/\/www.promotourist.com\/#organization","name":"Promotourist","url":"https:\/\/www.promotourist.com\/","logo":{"@type":"ImageObject","inLanguage":"en-US","@id":"https:\/\/www.promotourist.com\/#\/schema\/logo\/image\/","url":"https:\/\/www.promotourist.com\/wp-content\/uploads\/2022\/03\/logo-color.png","contentUrl":"https:\/\/www.promotourist.com\/wp-content\/uploads\/2022\/03\/logo-color.png","width":1198,"height":319,"caption":"Promotourist"},"image":{"@id":"https:\/\/www.promotourist.com\/#\/schema\/logo\/image\/"},"sameAs":["https:\/\/www.facebook.com\/promotourist","https:\/\/x.com\/promotourist","https:\/\/instagram.com\/alfabetikopromotourist","https:\/\/www.linkedin.com\/company\/promotourist"]},{"@type":"Person","@id":"https:\/\/www.promotourist.com\/#\/schema\/person\/9676fbbf716bb1964cc3866694867034","name":"Victor Saumell","image":{"@type":"ImageObject","inLanguage":"en-US","@id":"https:\/\/secure.gravatar.com\/avatar\/2a3548494541f772fb79cd47b4024c0117fdabb8c4e9cb211713083d18f71749?s=96&d=mm&r=g","url":"https:\/\/secure.gravatar.com\/avatar\/2a3548494541f772fb79cd47b4024c0117fdabb8c4e9cb211713083d18f71749?s=96&d=mm&r=g","contentUrl":"https:\/\/secure.gravatar.com\/avatar\/2a3548494541f772fb79cd47b4024c0117fdabb8c4e9cb211713083d18f71749?s=96&d=mm&r=g","caption":"Victor Saumell"},"url":"https:\/\/www.promotourist.com\/en\/author\/victor-saumell\/"}]}},"_links":{"self":[{"href":"https:\/\/www.promotourist.com\/en\/wp-json\/wp\/v2\/posts\/14359","targetHints":{"allow":["GET"]}}],"collection":[{"href":"https:\/\/www.promotourist.com\/en\/wp-json\/wp\/v2\/posts"}],"about":[{"href":"https:\/\/www.promotourist.com\/en\/wp-json\/wp\/v2\/types\/post"}],"author":[{"embeddable":true,"href":"https:\/\/www.promotourist.com\/en\/wp-json\/wp\/v2\/users\/2"}],"replies":[{"embeddable":true,"href":"https:\/\/www.promotourist.com\/en\/wp-json\/wp\/v2\/comments?post=14359"}],"version-history":[{"count":2,"href":"https:\/\/www.promotourist.com\/en\/wp-json\/wp\/v2\/posts\/14359\/revisions"}],"predecessor-version":[{"id":14364,"href":"https:\/\/www.promotourist.com\/en\/wp-json\/wp\/v2\/posts\/14359\/revisions\/14364"}],"wp:featuredmedia":[{"embeddable":true,"href":"https:\/\/www.promotourist.com\/en\/wp-json\/wp\/v2\/media\/14362"}],"wp:attachment":[{"href":"https:\/\/www.promotourist.com\/en\/wp-json\/wp\/v2\/media?parent=14359"}],"wp:term":[{"taxonomy":"category","embeddable":true,"href":"https:\/\/www.promotourist.com\/en\/wp-json\/wp\/v2\/categories?post=14359"},{"taxonomy":"post_tag","embeddable":true,"href":"https:\/\/www.promotourist.com\/en\/wp-json\/wp\/v2\/tags?post=14359"}],"curies":[{"name":"wp","href":"https:\/\/api.w.org\/{rel}","templated":true}]}}